{"id":1312,"date":"2026-03-01T12:50:17","date_gmt":"2026-03-01T11:50:17","guid":{"rendered":"https:\/\/met.ergonomiavilaga.hu\/wp\/?p=1312"},"modified":"2026-03-19T08:17:12","modified_gmt":"2026-03-19T07:17:12","slug":"37th-summer-university-on-ergonomics","status":"publish","type":"post","link":"https:\/\/met.ergonomiavilaga.hu\/wp\/2026\/03\/01\/37th-summer-university-on-ergonomics\/","title":{"rendered":"37th Summer University on Ergonomics"},"content":{"rendered":"<p>A 37. ERGON\u00d3MIAI NY\u00c1RI EGYETEM munkanyelve angol.<\/p>\n<h2>Summer University on Ergonomics<br \/>\nBudapest \/ Veszp\u00e9m, 1-2-3 July 2026<\/h2>\n<h2>PROGRAM<\/h2>\n<h3 data-start=\"86\" data-end=\"217\">29 June 2026 (Monday) 9:00 to 15:00<\/h3>\n<ul>\n<li data-start=\"86\" data-end=\"217\">Virtual verification workshop<\/li>\n<\/ul>\n<h3 data-start=\"86\" data-end=\"217\">30 June 2026 (Tuesday) 9:00 to 15:00<\/h3>\n<ul>\n<li data-start=\"86\" data-end=\"217\">Ergonomic applications of artificial intelligence<br \/>\nRoland Csongvai<\/li>\n<\/ul>\n<p>17:00 <strong>Joint CEEPUS meeting<\/strong><\/p>\n<ul>\n<li>BG-1103-2526 &#8211; Modelling, Simulation and Computer-aided Design in Engineering and Management<\/li>\n<li>BA-1402-07-2526 &#8211; New teaching technologies and new applications in the modernisation of teaching at the Faculties of Technical Sciences in connection with the needs of small and medium enterprises in the environment<\/li>\n<li>HU-1506-06-2526 &#8211; Ergonomics and Human Factors Regional Educational CEEPUS Network<\/li>\n<\/ul>\n<h3><strong>1 July <\/strong>2026 (Wednesday)<\/h3>\n<p>10.00 Opening statements<\/p>\n<ul>\n<li><img decoding=\"async\" style=\"line-height: 1.1em; margin: 0px 10px 0px 0px; padding: 0px; border-width: 0px; outline: 0px; float: right;\" src=\"http:\/\/www.dsgi.hu\/met\/subsites\/enye31\/metlogo.jpg\" alt=\"MET Logo\" height=\"100\" \/>Gyula Szab\u00f3, PhD, Eur. Erg.<br \/>\nPresident, Hungarian Ergonomics Society<\/li>\n<li>Dipl.-Ing. Michael Wichtl Eur. Erg.<br \/>\nSecretary of the <a href=\"http:\/\/www.oeae.at\/\">Austrian Ergonomics Association<\/a>,\u00a0Wien<\/li>\n<\/ul>\n<p>10.20 Opening lectures<\/p>\n<ul>\n<li>Lectures #1-#4<\/li>\n<li>Discussion, comments, debate<\/li>\n<\/ul>\n<p>12.30 Lunch break<\/p>\n<p>14.00 Presentations<\/p>\n<ul>\n<li>Human Factors and Ergonomics Approaches to Industry 5.0<br \/>\nMaja Trstenjak<br \/>\nUniversity of Zagreb, Faculty of Mechanical Engineering and Naval Architecture<\/li>\n<li>Lectures #5-#7<\/li>\n<li>Discussion, comments, debate<\/li>\n<\/ul>\n<p>16.00 Site visit preparation lecture<\/p>\n<ul>\n<li>Lecture #8<\/li>\n<li>Lecture #9<\/li>\n<\/ul>\n<p>17:30 Meeting of the <a href=\"https:\/\/iea.cc\/member\/safety-health\/\" target=\"_blank\" rel=\"noopener\">Safety and Health Technical Committee<\/a> of the<a href=\"https:\/\/iea.cc\/\" target=\"_blank\" rel=\"noopener\"> International Ergonomics Association<\/a> (TC members only)<\/p>\n<h3><strong>2 July <\/strong>2026 (<strong>Thursday<\/strong>)<\/h3>\n<p>Travel by car sharing to site visit<\/p>\n<p>9.30 Welcome, safety brief and site visit in small groups<\/p>\n<p>11.30 Exchange and discussion of experiences in thematic workgroups, with the participation of the factory&#8217;s experts. Moderators:<\/p>\n<ul>\n<li>TBD<\/li>\n<\/ul>\n<p>15.30 Plenary<\/p>\n<ul>\n<li>Plenary session with the participation of corporate executives and experts: presenting the experiences of the workgroups, raising further questions, answering them, and engaging in discussions. Moderator:<\/li>\n<li>TBD<br \/>\n<a href=\"http:\/\/www.met.ergonomiavilaga.hu\/\"> Magyar Ergon\u00f3miai T\u00e1rsas\u00e1g <\/a><\/li>\n<\/ul>\n<p>18.30 Social and \/ or sport program<\/p>\n<h3><strong>3 July <\/strong>2026 (Friday)<\/h3>\n<p>8.30 Presentations<\/p>\n<ul>\n<li>Lecture #10-Lecture #13<\/li>\n<li>Discussion, comments, debate<\/li>\n<\/ul>\n<p>10.15 Presentations<\/p>\n<ul>\n<li>Lecture #14-Lecture #17<\/li>\n<li>Discussion, comments, debate<\/li>\n<\/ul>\n<p>12.30 Lunch break<\/p>\n<p>13.30 Closing session<\/p>\n<ul>\n<li>Plenary debate on the program of the 38th Summer University to be organized in 2027.<\/li>\n<li>Moderator: Eur. Erg. Dr. Gy\u00f6rgy Kaucsek<\/li>\n<li>Award ceremony, closing remarks<\/li>\n<\/ul>\n<p><a href=\"https:\/\/met.ergonomiavilaga.hu\/wp\/wp-content\/uploads\/2024\/02\/endorsed_small-FEES.png\"><img loading=\"lazy\" decoding=\"async\" class=\"size-medium wp-image-1232 aligncenter\" src=\"https:\/\/met.ergonomiavilaga.hu\/wp\/wp-content\/uploads\/2024\/02\/endorsed_small-FEES-300x126.png\" alt=\"\" width=\"300\" height=\"126\" srcset=\"https:\/\/met.ergonomiavilaga.hu\/wp\/wp-content\/uploads\/2024\/02\/endorsed_small-FEES-300x126.png 300w, https:\/\/met.ergonomiavilaga.hu\/wp\/wp-content\/uploads\/2024\/02\/endorsed_small-FEES-1024x429.png 1024w, https:\/\/met.ergonomiavilaga.hu\/wp\/wp-content\/uploads\/2024\/02\/endorsed_small-FEES-768x322.png 768w, https:\/\/met.ergonomiavilaga.hu\/wp\/wp-content\/uploads\/2024\/02\/endorsed_small-FEES.png 1529w\" sizes=\"auto, (max-width: 300px) 100vw, 300px\" \/><\/a><\/p>\n<h2>Sponsor:<\/h2>\n<h2>Venue:<\/h2>\n<p>Budapest \/ Veszpr\u00e9m<\/p>\n<p>Professional program: 1-2-3 July 2026.<br \/>\nCEEPUS Short course extension: 29-30 June 2026<\/p>\n<p>Professional information:<br \/>\nGyula Szab\u00f3 PhD, Eur. Erg. (Phone: +36 20 334 9199)<\/p>\n<h2>Interested?<\/h2>\n\n<div class=\"wpcf7 no-js\" id=\"wpcf7-f1482-o1\" lang=\"hu-HU\" dir=\"ltr\" data-wpcf7-id=\"1482\">\n<div class=\"screen-reader-response\"><p role=\"status\" aria-live=\"polite\" aria-atomic=\"true\"><\/p> <ul><\/ul><\/div>\n<form action=\"\/wp\/wp-json\/wp\/v2\/posts\/1312#wpcf7-f1482-o1\" method=\"post\" class=\"wpcf7-form init\" aria-label=\"Kapcsolatfelv\u00e9teli \u0171rlap\" novalidate=\"novalidate\" data-status=\"init\">\n<fieldset class=\"hidden-fields-container\"><input type=\"hidden\" name=\"_wpcf7\" value=\"1482\" \/><input type=\"hidden\" name=\"_wpcf7_version\" value=\"6.1.5\" \/><input type=\"hidden\" name=\"_wpcf7_locale\" value=\"hu_HU\" \/><input type=\"hidden\" name=\"_wpcf7_unit_tag\" value=\"wpcf7-f1482-o1\" \/><input type=\"hidden\" name=\"_wpcf7_container_post\" value=\"0\" \/><input type=\"hidden\" name=\"_wpcf7_posted_data_hash\" value=\"\" \/>\n<\/fieldset>\n<p><label for=\"Name\">Name*:<\/label><br \/>\n<span class=\"wpcf7-form-control-wrap\" data-name=\"Name\"><input size=\"40\" maxlength=\"400\" class=\"wpcf7-form-control wpcf7-text wpcf7-validates-as-required\" aria-required=\"true\" aria-invalid=\"false\" placeholder=\"Your first and family name\" value=\"\" type=\"text\" name=\"Name\" \/><\/span>\n<\/p>\n<p><label for=\"email-906\">Email*:<\/label><br \/>\n<span class=\"wpcf7-form-control-wrap\" data-name=\"email-906\"><input size=\"40\" maxlength=\"400\" class=\"wpcf7-form-control wpcf7-email wpcf7-validates-as-required wpcf7-text wpcf7-validates-as-email\" aria-required=\"true\" aria-invalid=\"false\" placeholder=\"your@email.com\" value=\"\" type=\"email\" name=\"email-906\" \/><\/span>\n<\/p>\n<fieldset>\n\t<legend>Registration type (27% VAT exluded):\n\t<\/legend>\n\t<p><span class=\"wpcf7-form-control-wrap\" data-name=\"Registrationtype\"><span class=\"wpcf7-form-control wpcf7-radio\"><span class=\"wpcf7-list-item first\"><label><input type=\"radio\" name=\"Registrationtype\" value=\"Regular: 300 EUR (icluding entrance, coffe breaks, lunch, dinners)\" checked=\"checked\" \/><span class=\"wpcf7-list-item-label\">Regular: 300 EUR (icluding entrance, coffe breaks, lunch, dinners)<\/span><\/label><\/span><span class=\"wpcf7-list-item\"><label><input type=\"radio\" name=\"Registrationtype\" value=\"Member of an Ergonomics Society: 200 EUR (icluding entrance, coffe breaks)\" \/><span class=\"wpcf7-list-item-label\">Member of an Ergonomics Society: 200 EUR (icluding entrance, coffe breaks)<\/span><\/label><\/span><span class=\"wpcf7-list-item\"><label><input type=\"radio\" name=\"Registrationtype\" value=\"Old Boy with invitation (free entrance for Wednesday or Friday)\" \/><span class=\"wpcf7-list-item-label\">Old Boy with invitation (free entrance for Wednesday or Friday)<\/span><\/label><\/span><span class=\"wpcf7-list-item last\"><label><input type=\"radio\" name=\"Registrationtype\" value=\"I&#039;m on CEEPUS mobility\" \/><span class=\"wpcf7-list-item-label\">I&#039;m on CEEPUS mobility<\/span><\/label><\/span><\/span><\/span>\n\t<\/p>\n<\/fieldset>\n<fieldset>\n\t<legend>Social event:\n\t<\/legend>\n\t<p><span class=\"wpcf7-form-control-wrap\" data-name=\"Socialevent\"><span class=\"wpcf7-form-control wpcf7-radio\"><span class=\"wpcf7-list-item first\"><label><input type=\"radio\" name=\"Socialevent\" value=\"I want to attend the social event Thursday evening\" checked=\"checked\" \/><span class=\"wpcf7-list-item-label\">I want to attend the social event Thursday evening<\/span><\/label><\/span><span class=\"wpcf7-list-item last\"><label><input type=\"radio\" name=\"Socialevent\" value=\"I can&#039;t attend Thursday evening, please reduce my registration fee (50 EUR)\" \/><span class=\"wpcf7-list-item-label\">I can&#039;t attend Thursday evening, please reduce my registration fee (50 EUR)<\/span><\/label><\/span><\/span><\/span>\n\t<\/p>\n<\/fieldset>\n<fieldset>\n\t<legend>CEEPUS Short Course \u2013 Online Workshops:\n\t<\/legend>\n\t<p><span class=\"wpcf7-form-control-wrap\" data-name=\"Workshops\"><span class=\"wpcf7-form-control wpcf7-checkbox\"><span class=\"wpcf7-list-item first\"><label><input type=\"checkbox\" name=\"Workshops[]\" value=\"Monday \u2013 Virtual Verification\" \/><span class=\"wpcf7-list-item-label\">Monday \u2013 Virtual Verification<\/span><\/label><\/span><span class=\"wpcf7-list-item last\"><label><input type=\"checkbox\" name=\"Workshops[]\" value=\"Tuesday \u2013 Ergonomic Applications of Artificial Intelligence\" \/><span class=\"wpcf7-list-item-label\">Tuesday \u2013 Ergonomic Applications of Artificial Intelligence<\/span><\/label><\/span><\/span><\/span>\n\t<\/p>\n<\/fieldset>\n<p><label for=\"Billingaddress\">Billing address:<\/label><br \/>\n<span class=\"wpcf7-form-control-wrap\" data-name=\"Billingaddress\"><textarea cols=\"40\" rows=\"10\" maxlength=\"2000\" class=\"wpcf7-form-control wpcf7-textarea\" aria-invalid=\"false\" placeholder=\"Type the full address here, including name, company VAT etc.\" name=\"Billingaddress\"><\/textarea><\/span>\n<\/p>\n<p><label for=\"My Presentation\">Submit your presentation title and a short summary here:<\/label><br \/>\n<span class=\"wpcf7-form-control-wrap\" data-name=\"MyPresentation\"><textarea cols=\"40\" rows=\"10\" maxlength=\"2000\" class=\"wpcf7-form-control wpcf7-textarea\" aria-invalid=\"false\" placeholder=\"The program hasn&#039;t finalised. Please insert here your presentation suggestion, if you have something to share.\" name=\"MyPresentation\"><\/textarea><\/span>\n<\/p>\n<fieldset>\n\t<legend>Data protection*\n\t<\/legend>\n\t<p><span class=\"wpcf7-form-control-wrap\" data-name=\"Dataconsent\"><span class=\"wpcf7-form-control wpcf7-checkbox wpcf7-validates-as-required\"><span class=\"wpcf7-list-item first last\"><label><input type=\"checkbox\" name=\"Dataconsent[]\" value=\"Please use my data to organise summer universities on ergonomics\" \/><span class=\"wpcf7-list-item-label\">Please use my data to organise summer universities on ergonomics<\/span><\/label><\/span><\/span><\/span>\n\t<\/p>\n<\/fieldset>\n<p><input class=\"wpcf7-form-control wpcf7-submit has-spinner\" type=\"submit\" value=\"Send\" \/>\n<\/p><div class=\"wpcf7-response-output\" aria-hidden=\"true\"><\/div>\n<\/form>\n<\/div>\n\n","protected":false},"excerpt":{"rendered":"<p>A 37. ERGON\u00d3MIAI NY\u00c1RI EGYETEM munkanyelve angol. Summer University on Ergonomics Budapest \/ Veszp\u00e9m, 1-2-3 July 2026 PROGRAM 29 June tov\u00e1bb&#8230;<\/p>\n","protected":false},"author":2,"featured_media":1489,"comment_status":"closed","ping_status":"closed","sticky":false,"template":"","format":"standard","meta":{"footnotes":""},"categories":[56,11,63],"tags":[239,114],"class_list":["post-1312","post","type-post","status-publish","format-standard","has-post-thumbnail","hentry","category-ajanlo","category-nyari-egyetem","category-szakmai-hirek","tag-ergonomiai-nyari-egyetem","tag-konferencia"],"yoast_head":"<!-- This site is optimized with the Yoast SEO plugin v27.1.1 - https:\/\/yoast.com\/product\/yoast-seo-wordpress\/ -->\n<title>37th Summer University on Ergonomics - Magyar Ergon\u00f3miai T\u00e1rsas\u00e1g<\/title>\n<meta name=\"description\" content=\"The traditional Ergonomics Summer University in Hungary provides highly practical professional training + networking on workplace ergonomics.\" \/>\n<meta name=\"robots\" content=\"index, follow, max-snippet:-1, max-image-preview:large, max-video-preview:-1\" \/>\n<link rel=\"canonical\" href=\"https:\/\/met.ergonomiavilaga.hu\/wp\/2026\/03\/01\/37th-summer-university-on-ergonomics\/\" \/>\n<meta property=\"og:locale\" content=\"hu_HU\" \/>\n<meta property=\"og:type\" content=\"article\" \/>\n<meta property=\"og:title\" content=\"37th Summer University on Ergonomics - Magyar Ergon\u00f3miai T\u00e1rsas\u00e1g\" \/>\n<meta property=\"og:description\" content=\"The traditional Ergonomics Summer University in Hungary provides highly practical professional training + networking on workplace ergonomics.\" \/>\n<meta property=\"og:url\" content=\"https:\/\/met.ergonomiavilaga.hu\/wp\/2026\/03\/01\/37th-summer-university-on-ergonomics\/\" \/>\n<meta property=\"og:site_name\" content=\"Magyar Ergon\u00f3miai T\u00e1rsas\u00e1g\" \/>\n<meta property=\"article:published_time\" content=\"2026-03-01T11:50:17+00:00\" \/>\n<meta property=\"article:modified_time\" content=\"2026-03-19T07:17:12+00:00\" \/>\n<meta property=\"og:image\" content=\"https:\/\/met.ergonomiavilaga.hu\/wp\/wp-content\/uploads\/2026\/03\/enye2026.png\" \/>\n\t<meta property=\"og:image:width\" content=\"1920\" \/>\n\t<meta property=\"og:image:height\" content=\"550\" \/>\n\t<meta property=\"og:image:type\" content=\"image\/png\" \/>\n<meta name=\"author\" content=\"Szab\u00f3 Gyula\" \/>\n<meta name=\"twitter:card\" content=\"summary_large_image\" \/>\n<meta name=\"twitter:label1\" content=\"Szerz\u0151:\" \/>\n\t<meta name=\"twitter:data1\" content=\"Szab\u00f3 Gyula\" \/>\n\t<meta name=\"twitter:label2\" content=\"Becs\u00fclt olvas\u00e1si id\u0151\" \/>\n\t<meta name=\"twitter:data2\" content=\"3 perc\" \/>\n<script type=\"application\/ld+json\" class=\"yoast-schema-graph\">{\"@context\":\"https:\/\/schema.org\",\"@graph\":[{\"@type\":\"Article\",\"@id\":\"https:\/\/met.ergonomiavilaga.hu\/wp\/2026\/03\/01\/37th-summer-university-on-ergonomics\/#article\",\"isPartOf\":{\"@id\":\"https:\/\/met.ergonomiavilaga.hu\/wp\/2026\/03\/01\/37th-summer-university-on-ergonomics\/\"},\"author\":{\"name\":\"Szab\u00f3 Gyula\",\"@id\":\"https:\/\/met.ergonomiavilaga.hu\/wp\/#\/schema\/person\/8d3acaf1da2c1ba8b5e7ce14d1fceea2\"},\"headline\":\"37th Summer University on Ergonomics\",\"datePublished\":\"2026-03-01T11:50:17+00:00\",\"dateModified\":\"2026-03-19T07:17:12+00:00\",\"mainEntityOfPage\":{\"@id\":\"https:\/\/met.ergonomiavilaga.hu\/wp\/2026\/03\/01\/37th-summer-university-on-ergonomics\/\"},\"wordCount\":331,\"publisher\":{\"@id\":\"https:\/\/met.ergonomiavilaga.hu\/wp\/#organization\"},\"image\":{\"@id\":\"https:\/\/met.ergonomiavilaga.hu\/wp\/2026\/03\/01\/37th-summer-university-on-ergonomics\/#primaryimage\"},\"thumbnailUrl\":\"https:\/\/met.ergonomiavilaga.hu\/wp\/wp-content\/uploads\/2026\/03\/enye2026.png\",\"keywords\":[\"Ergon\u00f3miai Ny\u00e1ri Egyetem\",\"konferencia\"],\"articleSection\":[\"Aj\u00e1nl\u00f3\",\"Ny\u00e1ri egyetem\",\"szakmai h\u00edrek\"],\"inLanguage\":\"hu\"},{\"@type\":\"WebPage\",\"@id\":\"https:\/\/met.ergonomiavilaga.hu\/wp\/2026\/03\/01\/37th-summer-university-on-ergonomics\/\",\"url\":\"https:\/\/met.ergonomiavilaga.hu\/wp\/2026\/03\/01\/37th-summer-university-on-ergonomics\/\",\"name\":\"37th Summer University on Ergonomics - Magyar Ergon\u00f3miai T\u00e1rsas\u00e1g\",\"isPartOf\":{\"@id\":\"https:\/\/met.ergonomiavilaga.hu\/wp\/#website\"},\"primaryImageOfPage\":{\"@id\":\"https:\/\/met.ergonomiavilaga.hu\/wp\/2026\/03\/01\/37th-summer-university-on-ergonomics\/#primaryimage\"},\"image\":{\"@id\":\"https:\/\/met.ergonomiavilaga.hu\/wp\/2026\/03\/01\/37th-summer-university-on-ergonomics\/#primaryimage\"},\"thumbnailUrl\":\"https:\/\/met.ergonomiavilaga.hu\/wp\/wp-content\/uploads\/2026\/03\/enye2026.png\",\"datePublished\":\"2026-03-01T11:50:17+00:00\",\"dateModified\":\"2026-03-19T07:17:12+00:00\",\"description\":\"The traditional Ergonomics Summer University in Hungary provides highly practical professional training + networking on workplace ergonomics.\",\"breadcrumb\":{\"@id\":\"https:\/\/met.ergonomiavilaga.hu\/wp\/2026\/03\/01\/37th-summer-university-on-ergonomics\/#breadcrumb\"},\"inLanguage\":\"hu\",\"potentialAction\":[{\"@type\":\"ReadAction\",\"target\":[\"https:\/\/met.ergonomiavilaga.hu\/wp\/2026\/03\/01\/37th-summer-university-on-ergonomics\/\"]}]},{\"@type\":\"ImageObject\",\"inLanguage\":\"hu\",\"@id\":\"https:\/\/met.ergonomiavilaga.hu\/wp\/2026\/03\/01\/37th-summer-university-on-ergonomics\/#primaryimage\",\"url\":\"https:\/\/met.ergonomiavilaga.hu\/wp\/wp-content\/uploads\/2026\/03\/enye2026.png\",\"contentUrl\":\"https:\/\/met.ergonomiavilaga.hu\/wp\/wp-content\/uploads\/2026\/03\/enye2026.png\",\"width\":1920,\"height\":550,\"caption\":\"Summer University on Ergonomics\"},{\"@type\":\"BreadcrumbList\",\"@id\":\"https:\/\/met.ergonomiavilaga.hu\/wp\/2026\/03\/01\/37th-summer-university-on-ergonomics\/#breadcrumb\",\"itemListElement\":[{\"@type\":\"ListItem\",\"position\":1,\"name\":\"Kezd\u0151lap\",\"item\":\"https:\/\/met.ergonomiavilaga.hu\/wp\/\"},{\"@type\":\"ListItem\",\"position\":2,\"name\":\"37th Summer University on Ergonomics\"}]},{\"@type\":\"WebSite\",\"@id\":\"https:\/\/met.ergonomiavilaga.hu\/wp\/#website\",\"url\":\"https:\/\/met.ergonomiavilaga.hu\/wp\/\",\"name\":\"Magyar Ergon\u00f3miai T\u00e1rsas\u00e1g\",\"description\":\"MET\",\"publisher\":{\"@id\":\"https:\/\/met.ergonomiavilaga.hu\/wp\/#organization\"},\"potentialAction\":[{\"@type\":\"SearchAction\",\"target\":{\"@type\":\"EntryPoint\",\"urlTemplate\":\"https:\/\/met.ergonomiavilaga.hu\/wp\/?s={search_term_string}\"},\"query-input\":{\"@type\":\"PropertyValueSpecification\",\"valueRequired\":true,\"valueName\":\"search_term_string\"}}],\"inLanguage\":\"hu\"},{\"@type\":\"Organization\",\"@id\":\"https:\/\/met.ergonomiavilaga.hu\/wp\/#organization\",\"name\":\"Magyar Ergon\u00f3miai T\u00e1rsas\u00e1g\",\"url\":\"https:\/\/met.ergonomiavilaga.hu\/wp\/\",\"logo\":{\"@type\":\"ImageObject\",\"inLanguage\":\"hu\",\"@id\":\"https:\/\/met.ergonomiavilaga.hu\/wp\/#\/schema\/logo\/image\/\",\"url\":\"https:\/\/met.ergonomiavilaga.hu\/wp\/wp-content\/uploads\/2017\/07\/cropped-MET_banner-1.gif\",\"contentUrl\":\"https:\/\/met.ergonomiavilaga.hu\/wp\/wp-content\/uploads\/2017\/07\/cropped-MET_banner-1.gif\",\"width\":174,\"height\":69,\"caption\":\"Magyar Ergon\u00f3miai T\u00e1rsas\u00e1g\"},\"image\":{\"@id\":\"https:\/\/met.ergonomiavilaga.hu\/wp\/#\/schema\/logo\/image\/\"}},{\"@type\":\"Person\",\"@id\":\"https:\/\/met.ergonomiavilaga.hu\/wp\/#\/schema\/person\/8d3acaf1da2c1ba8b5e7ce14d1fceea2\",\"name\":\"Szab\u00f3 Gyula\",\"image\":{\"@type\":\"ImageObject\",\"inLanguage\":\"hu\",\"@id\":\"https:\/\/met.ergonomiavilaga.hu\/wp\/#\/schema\/person\/image\/\",\"url\":\"https:\/\/secure.gravatar.com\/avatar\/4ae4bc807fce43b49b642e528346fa48ff31b06e46502f2963f672e42e001f39?s=96&d=mm&r=g\",\"contentUrl\":\"https:\/\/secure.gravatar.com\/avatar\/4ae4bc807fce43b49b642e528346fa48ff31b06e46502f2963f672e42e001f39?s=96&d=mm&r=g\",\"caption\":\"Szab\u00f3 Gyula\"},\"url\":\"https:\/\/met.ergonomiavilaga.hu\/wp\/author\/szabogyula\/\"}]}<\/script>\n<!-- \/ Yoast SEO plugin. -->","yoast_head_json":{"title":"37th Summer University on Ergonomics - Magyar Ergon\u00f3miai T\u00e1rsas\u00e1g","description":"The traditional Ergonomics Summer University in Hungary provides highly practical professional training + networking on workplace ergonomics.","robots":{"index":"index","follow":"follow","max-snippet":"max-snippet:-1","max-image-preview":"max-image-preview:large","max-video-preview":"max-video-preview:-1"},"canonical":"https:\/\/met.ergonomiavilaga.hu\/wp\/2026\/03\/01\/37th-summer-university-on-ergonomics\/","og_locale":"hu_HU","og_type":"article","og_title":"37th Summer University on Ergonomics - Magyar Ergon\u00f3miai T\u00e1rsas\u00e1g","og_description":"The traditional Ergonomics Summer University in Hungary provides highly practical professional training + networking on workplace ergonomics.","og_url":"https:\/\/met.ergonomiavilaga.hu\/wp\/2026\/03\/01\/37th-summer-university-on-ergonomics\/","og_site_name":"Magyar Ergon\u00f3miai T\u00e1rsas\u00e1g","article_published_time":"2026-03-01T11:50:17+00:00","article_modified_time":"2026-03-19T07:17:12+00:00","og_image":[{"width":1920,"height":550,"url":"https:\/\/met.ergonomiavilaga.hu\/wp\/wp-content\/uploads\/2026\/03\/enye2026.png","type":"image\/png"}],"author":"Szab\u00f3 Gyula","twitter_card":"summary_large_image","twitter_misc":{"Szerz\u0151:":"Szab\u00f3 Gyula","Becs\u00fclt olvas\u00e1si id\u0151":"3 perc"},"schema":{"@context":"https:\/\/schema.org","@graph":[{"@type":"Article","@id":"https:\/\/met.ergonomiavilaga.hu\/wp\/2026\/03\/01\/37th-summer-university-on-ergonomics\/#article","isPartOf":{"@id":"https:\/\/met.ergonomiavilaga.hu\/wp\/2026\/03\/01\/37th-summer-university-on-ergonomics\/"},"author":{"name":"Szab\u00f3 Gyula","@id":"https:\/\/met.ergonomiavilaga.hu\/wp\/#\/schema\/person\/8d3acaf1da2c1ba8b5e7ce14d1fceea2"},"headline":"37th Summer University on Ergonomics","datePublished":"2026-03-01T11:50:17+00:00","dateModified":"2026-03-19T07:17:12+00:00","mainEntityOfPage":{"@id":"https:\/\/met.ergonomiavilaga.hu\/wp\/2026\/03\/01\/37th-summer-university-on-ergonomics\/"},"wordCount":331,"publisher":{"@id":"https:\/\/met.ergonomiavilaga.hu\/wp\/#organization"},"image":{"@id":"https:\/\/met.ergonomiavilaga.hu\/wp\/2026\/03\/01\/37th-summer-university-on-ergonomics\/#primaryimage"},"thumbnailUrl":"https:\/\/met.ergonomiavilaga.hu\/wp\/wp-content\/uploads\/2026\/03\/enye2026.png","keywords":["Ergon\u00f3miai Ny\u00e1ri Egyetem","konferencia"],"articleSection":["Aj\u00e1nl\u00f3","Ny\u00e1ri egyetem","szakmai h\u00edrek"],"inLanguage":"hu"},{"@type":"WebPage","@id":"https:\/\/met.ergonomiavilaga.hu\/wp\/2026\/03\/01\/37th-summer-university-on-ergonomics\/","url":"https:\/\/met.ergonomiavilaga.hu\/wp\/2026\/03\/01\/37th-summer-university-on-ergonomics\/","name":"37th Summer University on Ergonomics - Magyar Ergon\u00f3miai T\u00e1rsas\u00e1g","isPartOf":{"@id":"https:\/\/met.ergonomiavilaga.hu\/wp\/#website"},"primaryImageOfPage":{"@id":"https:\/\/met.ergonomiavilaga.hu\/wp\/2026\/03\/01\/37th-summer-university-on-ergonomics\/#primaryimage"},"image":{"@id":"https:\/\/met.ergonomiavilaga.hu\/wp\/2026\/03\/01\/37th-summer-university-on-ergonomics\/#primaryimage"},"thumbnailUrl":"https:\/\/met.ergonomiavilaga.hu\/wp\/wp-content\/uploads\/2026\/03\/enye2026.png","datePublished":"2026-03-01T11:50:17+00:00","dateModified":"2026-03-19T07:17:12+00:00","description":"The traditional Ergonomics Summer University in Hungary provides highly practical professional training + networking on workplace ergonomics.","breadcrumb":{"@id":"https:\/\/met.ergonomiavilaga.hu\/wp\/2026\/03\/01\/37th-summer-university-on-ergonomics\/#breadcrumb"},"inLanguage":"hu","potentialAction":[{"@type":"ReadAction","target":["https:\/\/met.ergonomiavilaga.hu\/wp\/2026\/03\/01\/37th-summer-university-on-ergonomics\/"]}]},{"@type":"ImageObject","inLanguage":"hu","@id":"https:\/\/met.ergonomiavilaga.hu\/wp\/2026\/03\/01\/37th-summer-university-on-ergonomics\/#primaryimage","url":"https:\/\/met.ergonomiavilaga.hu\/wp\/wp-content\/uploads\/2026\/03\/enye2026.png","contentUrl":"https:\/\/met.ergonomiavilaga.hu\/wp\/wp-content\/uploads\/2026\/03\/enye2026.png","width":1920,"height":550,"caption":"Summer University on Ergonomics"},{"@type":"BreadcrumbList","@id":"https:\/\/met.ergonomiavilaga.hu\/wp\/2026\/03\/01\/37th-summer-university-on-ergonomics\/#breadcrumb","itemListElement":[{"@type":"ListItem","position":1,"name":"Kezd\u0151lap","item":"https:\/\/met.ergonomiavilaga.hu\/wp\/"},{"@type":"ListItem","position":2,"name":"37th Summer University on Ergonomics"}]},{"@type":"WebSite","@id":"https:\/\/met.ergonomiavilaga.hu\/wp\/#website","url":"https:\/\/met.ergonomiavilaga.hu\/wp\/","name":"Magyar Ergon\u00f3miai T\u00e1rsas\u00e1g","description":"MET","publisher":{"@id":"https:\/\/met.ergonomiavilaga.hu\/wp\/#organization"},"potentialAction":[{"@type":"SearchAction","target":{"@type":"EntryPoint","urlTemplate":"https:\/\/met.ergonomiavilaga.hu\/wp\/?s={search_term_string}"},"query-input":{"@type":"PropertyValueSpecification","valueRequired":true,"valueName":"search_term_string"}}],"inLanguage":"hu"},{"@type":"Organization","@id":"https:\/\/met.ergonomiavilaga.hu\/wp\/#organization","name":"Magyar Ergon\u00f3miai T\u00e1rsas\u00e1g","url":"https:\/\/met.ergonomiavilaga.hu\/wp\/","logo":{"@type":"ImageObject","inLanguage":"hu","@id":"https:\/\/met.ergonomiavilaga.hu\/wp\/#\/schema\/logo\/image\/","url":"https:\/\/met.ergonomiavilaga.hu\/wp\/wp-content\/uploads\/2017\/07\/cropped-MET_banner-1.gif","contentUrl":"https:\/\/met.ergonomiavilaga.hu\/wp\/wp-content\/uploads\/2017\/07\/cropped-MET_banner-1.gif","width":174,"height":69,"caption":"Magyar Ergon\u00f3miai T\u00e1rsas\u00e1g"},"image":{"@id":"https:\/\/met.ergonomiavilaga.hu\/wp\/#\/schema\/logo\/image\/"}},{"@type":"Person","@id":"https:\/\/met.ergonomiavilaga.hu\/wp\/#\/schema\/person\/8d3acaf1da2c1ba8b5e7ce14d1fceea2","name":"Szab\u00f3 Gyula","image":{"@type":"ImageObject","inLanguage":"hu","@id":"https:\/\/met.ergonomiavilaga.hu\/wp\/#\/schema\/person\/image\/","url":"https:\/\/secure.gravatar.com\/avatar\/4ae4bc807fce43b49b642e528346fa48ff31b06e46502f2963f672e42e001f39?s=96&d=mm&r=g","contentUrl":"https:\/\/secure.gravatar.com\/avatar\/4ae4bc807fce43b49b642e528346fa48ff31b06e46502f2963f672e42e001f39?s=96&d=mm&r=g","caption":"Szab\u00f3 Gyula"},"url":"https:\/\/met.ergonomiavilaga.hu\/wp\/author\/szabogyula\/"}]}},"_links":{"self":[{"href":"https:\/\/met.ergonomiavilaga.hu\/wp\/wp-json\/wp\/v2\/posts\/1312","targetHints":{"allow":["GET"]}}],"collection":[{"href":"https:\/\/met.ergonomiavilaga.hu\/wp\/wp-json\/wp\/v2\/posts"}],"about":[{"href":"https:\/\/met.ergonomiavilaga.hu\/wp\/wp-json\/wp\/v2\/types\/post"}],"author":[{"embeddable":true,"href":"https:\/\/met.ergonomiavilaga.hu\/wp\/wp-json\/wp\/v2\/users\/2"}],"replies":[{"embeddable":true,"href":"https:\/\/met.ergonomiavilaga.hu\/wp\/wp-json\/wp\/v2\/comments?post=1312"}],"version-history":[{"count":15,"href":"https:\/\/met.ergonomiavilaga.hu\/wp\/wp-json\/wp\/v2\/posts\/1312\/revisions"}],"predecessor-version":[{"id":1428,"href":"https:\/\/met.ergonomiavilaga.hu\/wp\/wp-json\/wp\/v2\/posts\/1312\/revisions\/1428"}],"wp:featuredmedia":[{"embeddable":true,"href":"https:\/\/met.ergonomiavilaga.hu\/wp\/wp-json\/wp\/v2\/media\/1489"}],"wp:attachment":[{"href":"https:\/\/met.ergonomiavilaga.hu\/wp\/wp-json\/wp\/v2\/media?parent=1312"}],"wp:term":[{"taxonomy":"category","embeddable":true,"href":"https:\/\/met.ergonomiavilaga.hu\/wp\/wp-json\/wp\/v2\/categories?post=1312"},{"taxonomy":"post_tag","embeddable":true,"href":"https:\/\/met.ergonomiavilaga.hu\/wp\/wp-json\/wp\/v2\/tags?post=1312"}],"curies":[{"name":"wp","href":"https:\/\/api.w.org\/{rel}","templated":true}]}}